{"id":12705,"date":"2025-11-14T15:49:32","date_gmt":"2025-11-14T13:49:32","guid":{"rendered":"https:\/\/comas.tech\/comastech-recibe-un-reconocimiento-en-los-premios-impuls-cambra-formacio\/"},"modified":"2025-11-14T15:50:27","modified_gmt":"2025-11-14T13:50:27","slug":"comastech-recibe-un-reconocimiento-en-los-premios-impuls-cambra-formacio","status":"publish","type":"post","link":"https:\/\/comas.tech\/es\/comastech-recibe-un-reconocimiento-en-los-premios-impuls-cambra-formacio\/","title":{"rendered":"Comastech recibe un reconocimiento en los Premios Impuls Cambra Formaci\u00f3."},"content":{"rendered":"\n<p>La C\u00e1mara de Comercio de Girona reconoci\u00f3 ayer el proyecto <strong><a href=\"https:\/\/comas.tech\/es\/\" data-type=\"link\" data-id=\"https:\/\/comas.tech\/es\/\">Centre Polit\u00e8cnic Comas<\/a><\/strong>, impulsado por Comastech, en el marco de los Premios Impulso C\u00e1mara Formaci\u00f3n. El acto se celebr\u00f3 en el Auditorio de Girona y reuni\u00f3 representantes del tejido empresarial, gremios y entidades vinculadas a la formaci\u00f3n y al desarrollo del talento. <\/p>\n\n<h2 class=\"wp-block-heading\">Premios Impuls Cambra, reconocimiento a un modelo de formaci\u00f3n profesional propio.<\/h2>\n\n<p>El galard\u00f3n destaca el papel de Comastech en la promoci\u00f3n de un modelo de formaci\u00f3n profesional orientado a las necesidades reales de la industria y alineado con los retos actuales del sector. El proyecto pone el foco en una formaci\u00f3n tecnificada, pr\u00e1ctica y directamente conectada con las empresas, contribuyendo as\u00ed a reforzar la disponibilidad de perfiles calificados en el territorio. <\/p>\n\n<figure class=\"wp-block-image size-large\"><img decoding=\"async\" width=\"1024\" height=\"683\" data-src=\"https:\/\/comas.tech\/\/app\/uploads\/2025\/11\/54922968409_07e7e5bb00_o-1024x683.jpg\" alt=\"\" class=\"wp-image-12696 lazyload\" data-srcset=\"https:\/\/comas.tech\/\/app\/uploads\/2025\/11\/54922968409_07e7e5bb00_o-1024x683.jpg 1024w, https:\/\/comas.tech\/\/app\/uploads\/2025\/11\/54922968409_07e7e5bb00_o-300x200.jpg 300w, https:\/\/comas.tech\/\/app\/uploads\/2025\/11\/54922968409_07e7e5bb00_o-768x512.jpg 768w, https:\/\/comas.tech\/\/app\/uploads\/2025\/11\/54922968409_07e7e5bb00_o-1536x1024.jpg 1536w, https:\/\/comas.tech\/\/app\/uploads\/2025\/11\/54922968409_07e7e5bb00_o-2048x1365.jpg 2048w, https:\/\/comas.tech\/\/app\/uploads\/2025\/11\/54922968409_07e7e5bb00_o-scaled.jpg 2560w\" data-sizes=\"(max-width: 1024px) 100vw, 1024px\" src=\"data:image\/svg+xml;base64,PHN2ZyB3aWR0aD0iMSIgaGVpZ2h0PSIxIiB4bWxucz0iaHR0cDovL3d3dy53My5vcmcvMjAwMC9zdmciPjwvc3ZnPg==\" style=\"--smush-placeholder-width: 1024px; --smush-placeholder-aspect-ratio: 1024\/683;\" \/><figcaption class=\"wp-element-caption\">Entrega de los Premios Implus C\u00e1mara al Auditorio de Girona Pere Duran \/ Norte Media<\/figcaption><\/figure>\n\n<p>Durante la gala, tambi\u00e9n se puso en valor la trayectoria de las entidades y personas que, desde hace a\u00f1os, impulsan iniciativas formativas con impacto. En este contexto, <strong><a href=\"https:\/\/tmcomas.com\/equipo-humano\/\" target=\"_blank\" rel=\"noopener\">Lloren\u00e7 Coma<\/a>s<\/strong>, impulsor del proyecto, fue distinguido en la categor\u00eda individual por su compromiso con un modelo formativo innovador y por su contribuci\u00f3n al desarrollo de talento especializado. <\/p>\n\n<p>Este reconocimiento refuerza la apuesta estrat\u00e9gica de Comastech por una formaci\u00f3n conectada a la realidad empresarial y basada en la colaboraci\u00f3n constante entre centros educativos, empresas y gremios.<\/p>\n\n<p><strong>Desde Comastech, agradecemos en la C\u00e1mara de Comercio de Girona este reconocimiento y a todas las entidades colaboradoras su confianza y apoyo continuado.<\/strong><\/p>\n\n<figure class=\"wp-block-gallery has-nested-images columns-default is-cropped wp-block-gallery-1 is-layout-flex wp-block-gallery-is-layout-flex\">\n<figure class=\"wp-block-image size-large\"><img decoding=\"async\" width=\"1024\" height=\"683\" data-id=\"12698\" data-src=\"https:\/\/comas.tech\/\/app\/uploads\/2025\/11\/54922968379_ac914780c2_o-1024x683.jpg\" alt=\"Premis Impuls Cambra\" class=\"wp-image-12698 lazyload\" data-srcset=\"https:\/\/comas.tech\/\/app\/uploads\/2025\/11\/54922968379_ac914780c2_o-1024x683.jpg 1024w, https:\/\/comas.tech\/\/app\/uploads\/2025\/11\/54922968379_ac914780c2_o-300x200.jpg 300w, https:\/\/comas.tech\/\/app\/uploads\/2025\/11\/54922968379_ac914780c2_o-768x512.jpg 768w, https:\/\/comas.tech\/\/app\/uploads\/2025\/11\/54922968379_ac914780c2_o-1536x1024.jpg 1536w, https:\/\/comas.tech\/\/app\/uploads\/2025\/11\/54922968379_ac914780c2_o-2048x1365.jpg 2048w, https:\/\/comas.tech\/\/app\/uploads\/2025\/11\/54922968379_ac914780c2_o-scaled.jpg 2560w\" data-sizes=\"(max-width: 1024px) 100vw, 1024px\" src=\"data:image\/svg+xml;base64,PHN2ZyB3aWR0aD0iMSIgaGVpZ2h0PSIxIiB4bWxucz0iaHR0cDovL3d3dy53My5vcmcvMjAwMC9zdmciPjwvc3ZnPg==\" style=\"--smush-placeholder-width: 1024px; --smush-placeholder-aspect-ratio: 1024\/683;\" \/><figcaption class=\"wp-element-caption\">Premis Impuls Cambra<\/figcaption><\/figure>\n\n\n\n<figure class=\"wp-block-image size-large\"><img decoding=\"async\" width=\"1024\" height=\"683\" data-id=\"12700\" data-src=\"https:\/\/comas.tech\/\/app\/uploads\/2025\/11\/54923024065_814f957e9a_o-1024x683.jpg\" alt=\"Premis Impuls Cambra\" class=\"wp-image-12700 lazyload\" data-srcset=\"https:\/\/comas.tech\/\/app\/uploads\/2025\/11\/54923024065_814f957e9a_o-1024x683.jpg 1024w, https:\/\/comas.tech\/\/app\/uploads\/2025\/11\/54923024065_814f957e9a_o-300x200.jpg 300w, https:\/\/comas.tech\/\/app\/uploads\/2025\/11\/54923024065_814f957e9a_o-768x512.jpg 768w, https:\/\/comas.tech\/\/app\/uploads\/2025\/11\/54923024065_814f957e9a_o-1536x1024.jpg 1536w, https:\/\/comas.tech\/\/app\/uploads\/2025\/11\/54923024065_814f957e9a_o-2048x1365.jpg 2048w, https:\/\/comas.tech\/\/app\/uploads\/2025\/11\/54923024065_814f957e9a_o-scaled.jpg 2560w\" data-sizes=\"(max-width: 1024px) 100vw, 1024px\" src=\"data:image\/svg+xml;base64,PHN2ZyB3aWR0aD0iMSIgaGVpZ2h0PSIxIiB4bWxucz0iaHR0cDovL3d3dy53My5vcmcvMjAwMC9zdmciPjwvc3ZnPg==\" style=\"--smush-placeholder-width: 1024px; --smush-placeholder-aspect-ratio: 1024\/683;\" \/><figcaption class=\"wp-element-caption\">Premis Impuls Cambra<\/figcaption><\/figure>\n\n\n\n<figure class=\"wp-block-image size-large\"><img decoding=\"async\" width=\"1024\" height=\"768\" data-id=\"12702\" data-src=\"https:\/\/comas.tech\/\/app\/uploads\/2025\/11\/WhatsApp-Image-2025-11-14-at-08.14.20-3-1024x768.jpeg\" alt=\"Premis Impuls Cambra\" class=\"wp-image-12702 lazyload\" data-srcset=\"https:\/\/comas.tech\/\/app\/uploads\/2025\/11\/WhatsApp-Image-2025-11-14-at-08.14.20-3-1024x768.jpeg 1024w, https:\/\/comas.tech\/\/app\/uploads\/2025\/11\/WhatsApp-Image-2025-11-14-at-08.14.20-3-300x225.jpeg 300w, https:\/\/comas.tech\/\/app\/uploads\/2025\/11\/WhatsApp-Image-2025-11-14-at-08.14.20-3-768x576.jpeg 768w, https:\/\/comas.tech\/\/app\/uploads\/2025\/11\/WhatsApp-Image-2025-11-14-at-08.14.20-3-1536x1152.jpeg 1536w, https:\/\/comas.tech\/\/app\/uploads\/2025\/11\/WhatsApp-Image-2025-11-14-at-08.14.20-3.jpeg 1600w\" data-sizes=\"(max-width: 1024px) 100vw, 1024px\" src=\"data:image\/svg+xml;base64,PHN2ZyB3aWR0aD0iMSIgaGVpZ2h0PSIxIiB4bWxucz0iaHR0cDovL3d3dy53My5vcmcvMjAwMC9zdmciPjwvc3ZnPg==\" style=\"--smush-placeholder-width: 1024px; --smush-placeholder-aspect-ratio: 1024\/768;\" \/><figcaption class=\"wp-element-caption\">Premis Impuls Cambra<\/figcaption><\/figure>\n<\/figure>\n","protected":false},"excerpt":{"rendered":"<p>La C\u00e1mara de Comercio de Girona reconoci\u00f3 ayer el proyecto Centre Polit\u00e8cnic Comas, impulsado por Comastech, en el marco de los Premios Impulso C\u00e1mara Formaci\u00f3n. El acto se celebr\u00f3 en el Auditorio de Girona y reuni\u00f3...<\/p>\n","protected":false},"author":3,"featured_media":12697,"comment_status":"closed","ping_status":"closed","sticky":false,"template":"","format":"standard","meta":{"_acf_changed":false,"footnotes":""},"categories":[73],"tags":[],"class_list":["post-12705","post","type-post","status-publish","format-standard","has-post-thumbnail","hentry","category-sin-categorizar"],"acf":[],"_links":{"self":[{"href":"https:\/\/comas.tech\/es\/wp-json\/wp\/v2\/posts\/12705","targetHints":{"allow":["GET"]}}],"collection":[{"href":"https:\/\/comas.tech\/es\/wp-json\/wp\/v2\/posts"}],"about":[{"href":"https:\/\/comas.tech\/es\/wp-json\/wp\/v2\/types\/post"}],"author":[{"embeddable":true,"href":"https:\/\/comas.tech\/es\/wp-json\/wp\/v2\/users\/3"}],"replies":[{"embeddable":true,"href":"https:\/\/comas.tech\/es\/wp-json\/wp\/v2\/comments?post=12705"}],"version-history":[{"count":1,"href":"https:\/\/comas.tech\/es\/wp-json\/wp\/v2\/posts\/12705\/revisions"}],"predecessor-version":[{"id":12706,"href":"https:\/\/comas.tech\/es\/wp-json\/wp\/v2\/posts\/12705\/revisions\/12706"}],"wp:featuredmedia":[{"embeddable":true,"href":"https:\/\/comas.tech\/es\/wp-json\/wp\/v2\/media\/12697"}],"wp:attachment":[{"href":"https:\/\/comas.tech\/es\/wp-json\/wp\/v2\/media?parent=12705"}],"wp:term":[{"taxonomy":"category","embeddable":true,"href":"https:\/\/comas.tech\/es\/wp-json\/wp\/v2\/categories?post=12705"},{"taxonomy":"post_tag","embeddable":true,"href":"https:\/\/comas.tech\/es\/wp-json\/wp\/v2\/tags?post=12705"}],"curies":[{"name":"wp","href":"https:\/\/api.w.org\/{rel}","templated":true}]}}